{"id":1982,"date":"2020-12-03T09:51:45","date_gmt":"2020-12-03T12:51:45","guid":{"rendered":"https:\/\/coordenadorias.uepb.edu.br\/cori\/?p=1982"},"modified":"2020-12-03T10:02:03","modified_gmt":"2020-12-03T13:02:03","slug":"bolsas-erasmus-mundus-para-mestrado-interdisciplinar-europeu-em-estudos-africanos","status":"publish","type":"post","link":"https:\/\/coordenadorias.uepb.edu.br\/cori\/bolsas-erasmus-mundus-para-mestrado-interdisciplinar-europeu-em-estudos-africanos\/","title":{"rendered":"Bolsas Erasmus Mundus para Mestrado Interdisciplinar Europeu em Estudos Africanos"},"content":{"rendered":"<p>O Mestrado Erasmus Mundus em Estudos Africanos aborda conceitos atuais da \u00c1frica, focalizando ou o continente em si, ou este como objeto de influ\u00eancias externas. O Programa fornece uma abordagem integrada, com foco nos contextos de identidade, territ\u00f3rio e sustentabilidade. A realiza\u00e7\u00e3o do Mestrado ocorre em quatro etapas: Universidade do Porto (1\u00ba semestre); Universidade de Bayreuth (2\u00ba semestre) ; Universidade de Bord\u00e9us Montaigne (3\u00ba semestre); e a realiza\u00e7\u00e3o de um curso na \u00c1frica. Ao final, o estudante dever\u00e1 apresentar uma tese junto \u00e0 universidade de sua escolha.<\/p>\n<p><strong>Sum\u00e1rio da Oportunidade<\/strong><\/p>\n<p><strong>Tema:<\/strong> Mestrado Interdisciplinar Europeu em Estudos Africanos.<\/p>\n<p><strong>Patrocinadores:<\/strong> Erasmus+.<\/p>\n<p><strong>Benef\u00edcios: <\/strong>Bolsa mensal Erasmus+; passagens a\u00e9reas; passagens a\u00e9reas para o estudo que dever\u00e1 ser realizado na \u00c1frica; seguro sa\u00fade; dentre outros.<\/p>\n<p><strong>Requisitos: <\/strong>Diploma de Graduado Antropologia, Sociologia, Hist\u00f3ria, Geografia, dentre outros cursos eleg\u00edveis; bom hist\u00f3rico acad\u00eamico; profici\u00eancia em Ingl\u00eas; Carta de Motiva\u00e7\u00e3o; Carta de Recomenda\u00e7\u00e3o.<\/p>\n<p><strong>Prazo:\u00a0<\/strong>Inscri\u00e7\u00f5es at\u00e9 15 de janeiro de 2021.<\/p>\n<p>Clique <a href=\"https:\/\/www.eimas.eu\/en\/application\/students\/index.html\"><strong>AQUI<\/strong><\/a> para mais informa\u00e7\u00f5es.<\/p>\n","protected":false},"excerpt":{"rendered":"<p>O Mestrado Erasmus Mundus em Estudos Africanos aborda conceitos atuais da \u00c1frica, focalizando ou o continente em si, ou este como objeto de influ\u00eancias externas. O Programa fornece uma abordagem integrada, com foco nos contextos de identidade, territ\u00f3rio e sustentabilidade. A realiza\u00e7\u00e3o do Mestrado ocorre em quatro etapas: Universidade do Porto (1\u00ba semestre); Universidade de <a class=\"leiamais\" href=\"https:\/\/coordenadorias.uepb.edu.br\/cori\/bolsas-erasmus-mundus-para-mestrado-interdisciplinar-europeu-em-estudos-africanos\/\">Leia Mais&#8230;<\/a><\/p>\n","protected":false},"author":13,"featured_media":0,"comment_status":"open","ping_status":"open","sticky":false,"template":"","format":"standard","meta":{"footnotes":""},"categories":[4],"tags":[],"class_list":["post-1982","post","type-post","status-publish","format-standard","hentry","category-noticias"],"jetpack_featured_media_url":"","_links":{"self":[{"href":"https:\/\/coordenadorias.uepb.edu.br\/cori\/wp-json\/wp\/v2\/posts\/1982","targetHints":{"allow":["GET"]}}],"collection":[{"href":"https:\/\/coordenadorias.uepb.edu.br\/cori\/wp-json\/wp\/v2\/posts"}],"about":[{"href":"https:\/\/coordenadorias.uepb.edu.br\/cori\/wp-json\/wp\/v2\/types\/post"}],"author":[{"embeddable":true,"href":"https:\/\/coordenadorias.uepb.edu.br\/cori\/wp-json\/wp\/v2\/users\/13"}],"replies":[{"embeddable":true,"href":"https:\/\/coordenadorias.uepb.edu.br\/cori\/wp-json\/wp\/v2\/comments?post=1982"}],"version-history":[{"count":4,"href":"https:\/\/coordenadorias.uepb.edu.br\/cori\/wp-json\/wp\/v2\/posts\/1982\/revisions"}],"predecessor-version":[{"id":1986,"href":"https:\/\/coordenadorias.uepb.edu.br\/cori\/wp-json\/wp\/v2\/posts\/1982\/revisions\/1986"}],"wp:attachment":[{"href":"https:\/\/coordenadorias.uepb.edu.br\/cori\/wp-json\/wp\/v2\/media?parent=1982"}],"wp:term":[{"taxonomy":"category","embeddable":true,"href":"https:\/\/coordenadorias.uepb.edu.br\/cori\/wp-json\/wp\/v2\/categories?post=1982"},{"taxonomy":"post_tag","embeddable":true,"href":"https:\/\/coordenadorias.uepb.edu.br\/cori\/wp-json\/wp\/v2\/tags?post=1982"}],"curies":[{"name":"wp","href":"https:\/\/api.w.org\/{rel}","templated":true}]}}