{"id":1883,"date":"2020-10-20T10:58:11","date_gmt":"2020-10-20T13:58:11","guid":{"rendered":"https:\/\/coordenadorias.uepb.edu.br\/cori\/?p=1883"},"modified":"2020-10-20T10:58:11","modified_gmt":"2020-10-20T13:58:11","slug":"chamada-de-bolsas-erasmus-mundus-para-mestrado-em-culturas-literarias-europeias","status":"publish","type":"post","link":"https:\/\/coordenadorias.uepb.edu.br\/cori\/chamada-de-bolsas-erasmus-mundus-para-mestrado-em-culturas-literarias-europeias\/","title":{"rendered":"Chamada de Bolsas Erasmus Mundus para Mestrado em Culturas Liter\u00e1rias Europeias"},"content":{"rendered":"<p>O Programa de Mestrado em Culturas Liter\u00e1rias Europeias objetiva fortalecer os conhecimentos dos estudantes em literatura, melhorar seu desenvolvimento pessoal e sua empregabilidade, estabelecendo uma rela\u00e7\u00e3o estreita com os membros da comunidade empresarial (empresas e institui\u00e7\u00f5es), al\u00e9m contribuir para a implementa\u00e7\u00e3o do Espa\u00e7o Europeu do Ensino Superior. O programa \u00e9 organizado em dois anos letivos entre oito universidades: Bolonha (It\u00e1lia, institui\u00e7\u00e3o coordenadora), Estrasburgo e Haute-Alsace ( Fran\u00e7a), Sal\u00f3nica (Gr\u00e9cia), Lisboa (Portugal), Dakar (Senegal), Moscovo (R\u00fassia) e Bombaim (\u00cdndia).<\/p>\n<p><strong>Sum\u00e1rio da Oportunidade<\/strong><\/p>\n<p><strong>Tema:<\/strong> Culturas Liter\u00e1rias Europeias &#8211; CLE<\/p>\n<p><strong>Patrocinadores:<\/strong>\u00a0Erasmus Mundus<\/p>\n<p><strong>Benef\u00edcios:\u00a0<\/strong>Bolsa mensal Erasmus Mundus por 24 meses; Aux\u00edlio Instala\u00e7\u00e3o;<\/p>\n<p><strong>Requisitos:\u00a0<\/strong>Gradua\u00e7\u00e3o em Letras, Hist\u00f3ria ou Artes; Bom desempenho acad\u00eamico; Profici\u00eancia no idioma de umas das institui\u00e7\u00f5es do cons\u00f3rcio; Profici\u00eancia em ingl\u00eas; Curr\u00edculo; Carta de motiva\u00e7\u00e3o; Duas cartas de recomenda\u00e7\u00e3o.<\/p>\n<p><strong>Prazo:\u00a0<\/strong>Inscri\u00e7\u00f5es at\u00e9 18 de janeiro de 2021.<\/p>\n<p><strong>Para mais informa\u00e7\u00f5es clique\u00a0<a href=\"https:\/\/cle2.unibo.it\/\">AQUI<\/a>.<\/strong><\/p>\n","protected":false},"excerpt":{"rendered":"<p>O Programa de Mestrado em Culturas Liter\u00e1rias Europeias objetiva fortalecer os conhecimentos dos estudantes em literatura, melhorar seu desenvolvimento pessoal e sua empregabilidade, estabelecendo uma rela\u00e7\u00e3o estreita com os membros da comunidade empresarial (empresas e institui\u00e7\u00f5es), al\u00e9m contribuir para a implementa\u00e7\u00e3o do Espa\u00e7o Europeu do Ensino Superior. O programa \u00e9 organizado em dois anos letivos <a class=\"leiamais\" href=\"https:\/\/coordenadorias.uepb.edu.br\/cori\/chamada-de-bolsas-erasmus-mundus-para-mestrado-em-culturas-literarias-europeias\/\">Leia Mais&#8230;<\/a><\/p>\n","protected":false},"author":13,"featured_media":0,"comment_status":"open","ping_status":"open","sticky":false,"template":"","format":"standard","meta":{"footnotes":""},"categories":[4],"tags":[],"class_list":["post-1883","post","type-post","status-publish","format-standard","hentry","category-noticias"],"jetpack_featured_media_url":"","_links":{"self":[{"href":"https:\/\/coordenadorias.uepb.edu.br\/cori\/wp-json\/wp\/v2\/posts\/1883","targetHints":{"allow":["GET"]}}],"collection":[{"href":"https:\/\/coordenadorias.uepb.edu.br\/cori\/wp-json\/wp\/v2\/posts"}],"about":[{"href":"https:\/\/coordenadorias.uepb.edu.br\/cori\/wp-json\/wp\/v2\/types\/post"}],"author":[{"embeddable":true,"href":"https:\/\/coordenadorias.uepb.edu.br\/cori\/wp-json\/wp\/v2\/users\/13"}],"replies":[{"embeddable":true,"href":"https:\/\/coordenadorias.uepb.edu.br\/cori\/wp-json\/wp\/v2\/comments?post=1883"}],"version-history":[{"count":1,"href":"https:\/\/coordenadorias.uepb.edu.br\/cori\/wp-json\/wp\/v2\/posts\/1883\/revisions"}],"predecessor-version":[{"id":1884,"href":"https:\/\/coordenadorias.uepb.edu.br\/cori\/wp-json\/wp\/v2\/posts\/1883\/revisions\/1884"}],"wp:attachment":[{"href":"https:\/\/coordenadorias.uepb.edu.br\/cori\/wp-json\/wp\/v2\/media?parent=1883"}],"wp:term":[{"taxonomy":"category","embeddable":true,"href":"https:\/\/coordenadorias.uepb.edu.br\/cori\/wp-json\/wp\/v2\/categories?post=1883"},{"taxonomy":"post_tag","embeddable":true,"href":"https:\/\/coordenadorias.uepb.edu.br\/cori\/wp-json\/wp\/v2\/tags?post=1883"}],"curies":[{"name":"wp","href":"https:\/\/api.w.org\/{rel}","templated":true}]}}