{"id":56,"date":"2016-06-13T12:25:16","date_gmt":"2016-06-13T15:25:16","guid":{"rendered":"http:\/\/www.uepb.edu.br\/?p=27203"},"modified":"2016-06-13T12:25:16","modified_gmt":"2016-06-13T15:25:16","slug":"coordenacao-da-uama-abre-inscricoes-para-formacao-de-nova-turma-no-campus-de-lagoa-seca","status":"publish","type":"post","link":"https:\/\/coordenadorias.uepb.edu.br\/ciefam\/2016\/06\/13\/coordenacao-da-uama-abre-inscricoes-para-formacao-de-nova-turma-no-campus-de-lagoa-seca\/","title":{"rendered":"Coordena\u00e7\u00e3o da UAMA abre inscri\u00e7\u00f5es para forma\u00e7\u00e3o de nova turma no C\u00e2mpus de Lagoa Seca"},"content":{"rendered":"<p style=\"text-align: justify;\">A Coordenadoria Institucional Especial para Forma\u00e7\u00e3o Aberta \u00e0 Maturidade (CIEFAM), atrav\u00e9s da Universidade Aberta \u00e0 Maturidade (UAMA) da Universidade Estadual da Para\u00edba (UEPB), inscreve nesta ter\u00e7a (14) e quarta-feira (15), os interessados em participar da nova turma do programa, no C\u00e2mpus II da Institui\u00e7\u00e3o, na cidade de Lagoa Seca.<\/p>\n<p style=\"text-align: justify;\">As inscri\u00e7\u00f5es podem ser feitas na sede da Secretaria Municipal de A\u00e7\u00e3o Social (SEMAS), localizada na Rua Ant\u00f4nio Borges, 210, Centro de Lagoa Seca. No total, ser\u00e3o inscritas as 50 pessoas que moram na Zona Rural ou Urbana do munic\u00edpio.<\/p>\n<p style=\"text-align: justify;\">De acordo com os crit\u00e9rios da UAMA, ser\u00e3o imediatamente matriculadas as 50 primeiras pessoas acima de 60 anos que se apresentarem portando c\u00f3pias de RG, CPF, comprovante de resid\u00eancia e uma foto 3\u00d74 recente. Esta ser\u00e1 a segunda turma do programa a ser formada em Lagoa Seca. Recentemente, 40 idosos conclu\u00edram o curso na cidade e j\u00e1 est\u00e3o prestes a entrar no Grupo de Conviv\u00eancia.<\/p>\n<p style=\"text-align: justify;\">A UAMA \u00e9 um projeto pioneiro que foi implantado em 2009 no C\u00e2mpus I da UEPB e em seis anos de funcionamento j\u00e1 beneficiou mais de 300 idosos. A expans\u00e3o do curso teve in\u00edcio em 2014, com a instala\u00e7\u00e3o da Universidade Aberta \u00e0 Maturidade no C\u00e2mpus de Lagoa Seca. Em 2015, o projeto chegou ao C\u00e2mpus de Guarabira.<\/p>\n<p style=\"text-align: justify;\"><strong>Texto:<\/strong> Severino Lopes<\/p>\n<p>&nbsp;<\/p>\n<p>O post <a rel=\"nofollow\" href=\"http:\/\/www.uepb.edu.br\/coordenacao-da-uama-abre-inscricoes-para-formacao-de-nova-turma-no-campus-de-lagoa-seca\/\">Coordena\u00e7\u00e3o da UAMA abre inscri\u00e7\u00f5es para forma\u00e7\u00e3o de nova turma no C\u00e2mpus de Lagoa Seca<\/a> apareceu primeiro em <a rel=\"nofollow\" href=\"http:\/\/www.uepb.edu.br\/\">UEPB<\/a>.<\/p>\n","protected":false},"excerpt":{"rendered":"<p>A Coordenadoria Institucional Especial para Forma&ccedil;&atilde;o Aberta &agrave; Maturidade (CIEFAM), atrav&eacute;s da Universidade Aberta &agrave; Maturidade (UAMA) da Universidade Estadual da Para&iacute;ba (UEPB), inscreve nesta ter&ccedil;a (14) e quarta-feira (15), os interessados em participar da nova turma do programa, no C&acirc;mpus II da Institui&ccedil;&atilde;o, na cidade de Lagoa Seca. As inscri&ccedil;&otilde;es podem ser feitas na <a href=\"http:\/\/www.uepb.edu.br\/coordenacao-da-uama-abre-inscricoes-para-formacao-de-nova-turma-no-campus-de-lagoa-seca\/\">Leia Mais&#8230;<\/a><\/p>\n<p>O post <a rel=\"nofollow\" href=\"http:\/\/www.uepb.edu.br\/coordenacao-da-uama-abre-inscricoes-para-formacao-de-nova-turma-no-campus-de-lagoa-seca\/\">Coordena&ccedil;&atilde;o da UAMA abre inscri&ccedil;&otilde;es para forma&ccedil;&atilde;o de nova turma no C&acirc;mpus de Lagoa Seca<\/a> apareceu primeiro em <a rel=\"nofollow\" href=\"http:\/\/www.uepb.edu.br\/\">UEPB<\/a>.<\/p>\n","protected":false},"author":6,"featured_media":0,"comment_status":"closed","ping_status":"closed","sticky":false,"template":"","format":"standard","meta":{"jetpack_post_was_ever_published":false,"_jetpack_newsletter_access":"","_jetpack_dont_email_post_to_subs":false,"_jetpack_newsletter_tier_id":0,"_jetpack_memberships_contains_paywalled_content":false,"_jetpack_memberships_contains_paid_content":false,"footnotes":"","jetpack_publicize_message":"","jetpack_publicize_feature_enabled":true,"jetpack_social_post_already_shared":false,"jetpack_social_options":{"image_generator_settings":{"template":"highway","default_image_id":0,"font":"","enabled":false},"version":2}},"categories":[8,4,5],"tags":[],"class_list":["post-56","post","type-post","status-publish","format-standard","hentry","category-ccaa","category-ciefam","category-noticias"],"jetpack_publicize_connections":[],"jetpack_featured_media_url":"","jetpack_sharing_enabled":true,"jetpack_shortlink":"https:\/\/wp.me\/p7L2P6-U","jetpack-related-posts":[{"id":54,"url":"https:\/\/coordenadorias.uepb.edu.br\/ciefam\/2016\/07\/11\/coordenadoria-institucional-especial-para-formacao-aberta-a-maturidade-abre-inscricoes-para-curso-de-ingles\/","url_meta":{"origin":56,"position":0},"title":"Coordenadoria Institucional Especial para Forma\u00e7\u00e3o Aberta \u00e0 Maturidade abre inscri\u00e7\u00f5es para curso de Ingl\u00eas","author":"tatiana","date":"11 de julho de 2016","format":false,"excerpt":"A Coordenadoria Institucional Especial para Forma\u00e7\u00e3o Aberta \u00e0 Maturidade (CIEFAM), atrav\u00e9s de sua pol\u00edtica de incentivo \u00e0 educa\u00e7\u00e3o para pessoas acima dos 60 anos, juntamente\u00a0com a Universidade Aberta \u00e0 Maturidade (UAMA) da Universidade Estadual da Para\u00edba (UEPB), formar\u00e1 nova turma para curso de Ingl\u00eas, com in\u00edcio no pr\u00f3ximo dia 14\u2026","rel":"","context":"Em &quot;CIEFAM&quot;","block_context":{"text":"CIEFAM","link":"https:\/\/coordenadorias.uepb.edu.br\/ciefam\/category\/ciefam\/"},"img":{"alt_text":"","src":"","width":0,"height":0},"classes":[]},{"id":118,"url":"https:\/\/coordenadorias.uepb.edu.br\/ciefam\/2018\/12\/12\/solenidade-de-entrega-de-certificados-marca-conclusao-do-curso-de-educacao-para-o-envelhecimento-da-uama\/","url_meta":{"origin":56,"position":1},"title":"Solenidade de entrega de certificados marca conclus\u00e3o do curso de Educa\u00e7\u00e3o para o Envelhecimento da UAMA","author":"ciefamuama","date":"12 de dezembro de 2018","format":false,"excerpt":"Nunca \u00e9 tarde para continuar aprendendo. Esta frase \u00e9 uma das justificativas utilizadas por 32 idosos da cidade de Lagoa Seca que, h\u00e1 dois anos, decidiram continuar sua vida de estudos. Foi assim que mais uma turma da Universidade Aberta \u00e0 Maturidade (UAMA) da Universidade Estadual da Para\u00edba (UEPB) foi\u2026","rel":"","context":"Em &quot;Not\u00edcias&quot;","block_context":{"text":"Not\u00edcias","link":"https:\/\/coordenadorias.uepb.edu.br\/ciefam\/category\/noticias\/"},"img":{"alt_text":"","src":"https:\/\/i0.wp.com\/coordenadorias.uepb.edu.br\/ciefam\/wp-content\/uploads\/sites\/4\/2018\/12\/Cola%C3%A7%C3%A3o-de-Grau-UAMA-11.jpg?resize=350%2C200","width":350,"height":200,"srcset":"https:\/\/i0.wp.com\/coordenadorias.uepb.edu.br\/ciefam\/wp-content\/uploads\/sites\/4\/2018\/12\/Cola%C3%A7%C3%A3o-de-Grau-UAMA-11.jpg?resize=350%2C200 1x, https:\/\/i0.wp.com\/coordenadorias.uepb.edu.br\/ciefam\/wp-content\/uploads\/sites\/4\/2018\/12\/Cola%C3%A7%C3%A3o-de-Grau-UAMA-11.jpg?resize=525%2C300 1.5x, https:\/\/i0.wp.com\/coordenadorias.uepb.edu.br\/ciefam\/wp-content\/uploads\/sites\/4\/2018\/12\/Cola%C3%A7%C3%A3o-de-Grau-UAMA-11.jpg?resize=700%2C400 2x"},"classes":[]}],"_links":{"self":[{"href":"https:\/\/coordenadorias.uepb.edu.br\/ciefam\/wp-json\/wp\/v2\/posts\/56","targetHints":{"allow":["GET"]}}],"collection":[{"href":"https:\/\/coordenadorias.uepb.edu.br\/ciefam\/wp-json\/wp\/v2\/posts"}],"about":[{"href":"https:\/\/coordenadorias.uepb.edu.br\/ciefam\/wp-json\/wp\/v2\/types\/post"}],"author":[{"embeddable":true,"href":"https:\/\/coordenadorias.uepb.edu.br\/ciefam\/wp-json\/wp\/v2\/users\/6"}],"replies":[{"embeddable":true,"href":"https:\/\/coordenadorias.uepb.edu.br\/ciefam\/wp-json\/wp\/v2\/comments?post=56"}],"version-history":[{"count":1,"href":"https:\/\/coordenadorias.uepb.edu.br\/ciefam\/wp-json\/wp\/v2\/posts\/56\/revisions"}],"predecessor-version":[{"id":57,"href":"https:\/\/coordenadorias.uepb.edu.br\/ciefam\/wp-json\/wp\/v2\/posts\/56\/revisions\/57"}],"wp:attachment":[{"href":"https:\/\/coordenadorias.uepb.edu.br\/ciefam\/wp-json\/wp\/v2\/media?parent=56"}],"wp:term":[{"taxonomy":"category","embeddable":true,"href":"https:\/\/coordenadorias.uepb.edu.br\/ciefam\/wp-json\/wp\/v2\/categories?post=56"},{"taxonomy":"post_tag","embeddable":true,"href":"https:\/\/coordenadorias.uepb.edu.br\/ciefam\/wp-json\/wp\/v2\/tags?post=56"}],"curies":[{"name":"wp","href":"https:\/\/api.w.org\/{rel}","templated":true}]}}