{"id":54,"date":"2016-07-11T09:10:50","date_gmt":"2016-07-11T12:10:50","guid":{"rendered":"http:\/\/www.uepb.edu.br\/?p=27631"},"modified":"2018-12-12T09:53:39","modified_gmt":"2018-12-12T11:53:39","slug":"coordenadoria-institucional-especial-para-formacao-aberta-a-maturidade-abre-inscricoes-para-curso-de-ingles","status":"publish","type":"post","link":"https:\/\/coordenadorias.uepb.edu.br\/ciefam\/2016\/07\/11\/coordenadoria-institucional-especial-para-formacao-aberta-a-maturidade-abre-inscricoes-para-curso-de-ingles\/","title":{"rendered":"Coordenadoria Institucional Especial para Forma\u00e7\u00e3o Aberta \u00e0 Maturidade abre inscri\u00e7\u00f5es para curso de Ingl\u00eas"},"content":{"rendered":"<p style=\"text-align: justify\">A Coordenadoria Institucional Especial para Forma\u00e7\u00e3o Aberta \u00e0 Maturidade (CIEFAM), atrav\u00e9s de sua pol\u00edtica de incentivo \u00e0 educa\u00e7\u00e3o para pessoas acima dos 60 anos, juntamente\u00a0com a Universidade Aberta \u00e0 Maturidade (UAMA) da Universidade Estadual da Para\u00edba (UEPB), formar\u00e1 nova turma para curso de Ingl\u00eas, com in\u00edcio no pr\u00f3ximo dia 14 de julho. Das 40 vagas dispon\u00edveis, 15 s\u00e3o destinadas exclusivamente aos funcion\u00e1rios e professores aposentados da <a href=\"http:\/\/www.uepb.edu.br\" target=\"_blank\" rel=\"noopener\">UEPB<\/a>.<\/p>\n<p style=\"text-align: justify\">O curso de Ingl\u00eas, que faz parte do projeto Let\u00b4s Speak English: Experi\u00eancia de Ensino-Aprendizagem de L\u00edngua Inglesa na Maturidade, estar\u00e1 com inscri\u00e7\u00f5es abertas at\u00e9 esta ter\u00e7a-feira (12), das 8h \u00e0s 17h. Os interessados em qualificar seus estudos a partir da l\u00edngua estrangeira devem comparecer \u00e0 Sede da UAMA, que fica localizada na Rua Domitila Cabral\u00a0de Castro, ao lado da Central de Integra\u00e7\u00e3o Acad\u00eamica, em Bodocong\u00f3.<\/p>\n<p style=\"text-align: justify\">A orienta\u00e7\u00e3o da turma Let\u00b4s Speak English: Experi\u00eancia de Ensino-Aprendizagem de L\u00edngua Inglesa na Maturidade ser\u00e1 da professora Karyne Soares Duarte Silveira, do Departamento de Letras e Artes da UEPB, que ainda ter\u00e1 os alunos Edglayton e Elyonara como monitores. As aulas far\u00e3o parte das atividades acad\u00eamicas do semestre 2016.1, que ser\u00e1 encerrado no m\u00eas de novembro.<\/p>\n<p style=\"text-align: justify\"><strong>Texto:<\/strong> <em>Givaldo Cavalcanti<\/em><\/p>\n<p>O post <a href=\"http:\/\/www.uepb.edu.br\/coordenadoria-institucional-especial-para-formacao-aberta-maturidade-abre-inscricoes-para-curso-de-ingles\/\" rel=\"nofollow\">Coordenadoria Institucional Especial para Forma\u00e7\u00e3o Aberta \u00e0 Maturidade abre inscri\u00e7\u00f5es para curso de Ingl\u00eas<\/a> apareceu primeiro em <a href=\"http:\/\/www.uepb.edu.br\/\" rel=\"nofollow\">UEPB<\/a>.<\/p>\n","protected":false},"excerpt":{"rendered":"<p>A Coordenadoria Institucional Especial para Forma&ccedil;&atilde;o Aberta &agrave; Maturidade (CIEFAM), atrav&eacute;s de sua pol&iacute;tica de incentivo &agrave; educa&ccedil;&atilde;o para pessoas acima dos 60 anos, juntamente&nbsp;com a Universidade Aberta &agrave; Maturidade (UAMA) da Universidade Estadual da Para&iacute;ba (UEPB), formar&aacute; nova turma para curso de Ingl&ecirc;s, com in&iacute;cio no pr&oacute;ximo dia 14 de julho. Das 40 vagas <a href=\"http:\/\/www.uepb.edu.br\/coordenadoria-institucional-especial-para-formacao-aberta-maturidade-abre-inscricoes-para-curso-de-ingles\/\">Leia Mais&#8230;<\/a><\/p>\n<p>O post <a rel=\"nofollow\" href=\"http:\/\/www.uepb.edu.br\/coordenadoria-institucional-especial-para-formacao-aberta-maturidade-abre-inscricoes-para-curso-de-ingles\/\">Coordenadoria Institucional Especial para Forma&ccedil;&atilde;o Aberta &agrave; Maturidade abre inscri&ccedil;&otilde;es para curso de Ingl&ecirc;s<\/a> apareceu primeiro em <a rel=\"nofollow\" href=\"http:\/\/www.uepb.edu.br\/\">UEPB<\/a>.<\/p>\n","protected":false},"author":5,"featured_media":0,"comment_status":"closed","ping_status":"closed","sticky":false,"template":"","format":"standard","meta":{"jetpack_post_was_ever_published":false,"_jetpack_newsletter_access":"","_jetpack_dont_email_post_to_subs":false,"_jetpack_newsletter_tier_id":0,"_jetpack_memberships_contains_paywalled_content":false,"_jetpack_memberships_contains_paid_content":false,"footnotes":"","jetpack_publicize_message":"","jetpack_publicize_feature_enabled":true,"jetpack_social_post_already_shared":false,"jetpack_social_options":{"image_generator_settings":{"template":"highway","default_image_id":0,"font":"","enabled":false},"version":2}},"categories":[4,5,6,7],"tags":[],"class_list":["post-54","post","type-post","status-publish","format-standard","hentry","category-ciefam","category-noticias","category-noticias-professores","category-noticias-tecnicos"],"jetpack_publicize_connections":[],"jetpack_featured_media_url":"","jetpack_sharing_enabled":true,"jetpack_shortlink":"https:\/\/wp.me\/p7L2P6-S","jetpack-related-posts":[{"id":56,"url":"https:\/\/coordenadorias.uepb.edu.br\/ciefam\/2016\/06\/13\/coordenacao-da-uama-abre-inscricoes-para-formacao-de-nova-turma-no-campus-de-lagoa-seca\/","url_meta":{"origin":54,"position":0},"title":"Coordena\u00e7\u00e3o da UAMA abre inscri\u00e7\u00f5es para forma\u00e7\u00e3o de nova turma no C\u00e2mpus de Lagoa Seca","author":"arnaud","date":"13 de junho de 2016","format":false,"excerpt":"A Coordenadoria Institucional Especial para Forma\u00e7\u00e3o Aberta \u00e0 Maturidade (CIEFAM), atrav\u00e9s da Universidade Aberta \u00e0 Maturidade (UAMA) da Universidade Estadual da Para\u00edba (UEPB), inscreve nesta ter\u00e7a (14) e quarta-feira (15), os interessados em participar da nova turma do programa, no C\u00e2mpus II da Institui\u00e7\u00e3o, na cidade de Lagoa Seca. As\u2026","rel":"","context":"Em &quot;CCAA&quot;","block_context":{"text":"CCAA","link":"https:\/\/coordenadorias.uepb.edu.br\/ciefam\/category\/ccaa\/"},"img":{"alt_text":"","src":"","width":0,"height":0},"classes":[]},{"id":118,"url":"https:\/\/coordenadorias.uepb.edu.br\/ciefam\/2018\/12\/12\/solenidade-de-entrega-de-certificados-marca-conclusao-do-curso-de-educacao-para-o-envelhecimento-da-uama\/","url_meta":{"origin":54,"position":1},"title":"Solenidade de entrega de certificados marca conclus\u00e3o do curso de Educa\u00e7\u00e3o para o Envelhecimento da UAMA","author":"ciefamuama","date":"12 de dezembro de 2018","format":false,"excerpt":"Nunca \u00e9 tarde para continuar aprendendo. Esta frase \u00e9 uma das justificativas utilizadas por 32 idosos da cidade de Lagoa Seca que, h\u00e1 dois anos, decidiram continuar sua vida de estudos. Foi assim que mais uma turma da Universidade Aberta \u00e0 Maturidade (UAMA) da Universidade Estadual da Para\u00edba (UEPB) foi\u2026","rel":"","context":"Em &quot;Not\u00edcias&quot;","block_context":{"text":"Not\u00edcias","link":"https:\/\/coordenadorias.uepb.edu.br\/ciefam\/category\/noticias\/"},"img":{"alt_text":"","src":"https:\/\/i0.wp.com\/coordenadorias.uepb.edu.br\/ciefam\/wp-content\/uploads\/sites\/4\/2018\/12\/Cola%C3%A7%C3%A3o-de-Grau-UAMA-11.jpg?resize=350%2C200","width":350,"height":200,"srcset":"https:\/\/i0.wp.com\/coordenadorias.uepb.edu.br\/ciefam\/wp-content\/uploads\/sites\/4\/2018\/12\/Cola%C3%A7%C3%A3o-de-Grau-UAMA-11.jpg?resize=350%2C200 1x, https:\/\/i0.wp.com\/coordenadorias.uepb.edu.br\/ciefam\/wp-content\/uploads\/sites\/4\/2018\/12\/Cola%C3%A7%C3%A3o-de-Grau-UAMA-11.jpg?resize=525%2C300 1.5x, https:\/\/i0.wp.com\/coordenadorias.uepb.edu.br\/ciefam\/wp-content\/uploads\/sites\/4\/2018\/12\/Cola%C3%A7%C3%A3o-de-Grau-UAMA-11.jpg?resize=700%2C400 2x"},"classes":[]}],"_links":{"self":[{"href":"https:\/\/coordenadorias.uepb.edu.br\/ciefam\/wp-json\/wp\/v2\/posts\/54","targetHints":{"allow":["GET"]}}],"collection":[{"href":"https:\/\/coordenadorias.uepb.edu.br\/ciefam\/wp-json\/wp\/v2\/posts"}],"about":[{"href":"https:\/\/coordenadorias.uepb.edu.br\/ciefam\/wp-json\/wp\/v2\/types\/post"}],"author":[{"embeddable":true,"href":"https:\/\/coordenadorias.uepb.edu.br\/ciefam\/wp-json\/wp\/v2\/users\/5"}],"replies":[{"embeddable":true,"href":"https:\/\/coordenadorias.uepb.edu.br\/ciefam\/wp-json\/wp\/v2\/comments?post=54"}],"version-history":[{"count":3,"href":"https:\/\/coordenadorias.uepb.edu.br\/ciefam\/wp-json\/wp\/v2\/posts\/54\/revisions"}],"predecessor-version":[{"id":117,"href":"https:\/\/coordenadorias.uepb.edu.br\/ciefam\/wp-json\/wp\/v2\/posts\/54\/revisions\/117"}],"wp:attachment":[{"href":"https:\/\/coordenadorias.uepb.edu.br\/ciefam\/wp-json\/wp\/v2\/media?parent=54"}],"wp:term":[{"taxonomy":"category","embeddable":true,"href":"https:\/\/coordenadorias.uepb.edu.br\/ciefam\/wp-json\/wp\/v2\/categories?post=54"},{"taxonomy":"post_tag","embeddable":true,"href":"https:\/\/coordenadorias.uepb.edu.br\/ciefam\/wp-json\/wp\/v2\/tags?post=54"}],"curies":[{"name":"wp","href":"https:\/\/api.w.org\/{rel}","templated":true}]}}